[{"@context":"https:\/\/schema.org\/","@type":"Article","@id":"https:\/\/www.muxx.cz\/vyuzivejte-pronajate-vozidlo-pro-vylety-s-rodinou\/#Article","mainEntityOfPage":"https:\/\/www.muxx.cz\/vyuzivejte-pronajate-vozidlo-pro-vylety-s-rodinou\/","headline":"Vyu\u017e\u00edvejte pronajat\u00e9 vozidlo pro v\u00fdlety s rodinou","name":"Vyu\u017e\u00edvejte pronajat\u00e9 vozidlo pro v\u00fdlety s rodinou","description":"Zeptejte se sami sebe, kdy jste byli naposledy s va\u0161\u00ed rodinou na v\u00fdlet\u011b v p\u0159\u00edrod\u011b, nap\u0159\u00edklad na cyklistick\u00e9m v\u00edkendu na T\u0159ebo\u0148sku nebo na prohl\u00eddce n\u011bkter\u00e9ho &hellip; ","datePublished":"2024-05-12","dateModified":"2024-06-12","author":{"@type":"Person","@id":"https:\/\/www.muxx.cz\/author\/#Person","name":"","url":"https:\/\/www.muxx.cz\/author\/","identifier":1,"image":{"@type":"ImageObject","@id":"https:\/\/secure.gravatar.com\/avatar\/1ea551d08e5aaea35ec0edab8371d7eaf798177f38aa8a77e65ff33bf2d8edc8?s=96&d=mm&r=g","url":"https:\/\/secure.gravatar.com\/avatar\/1ea551d08e5aaea35ec0edab8371d7eaf798177f38aa8a77e65ff33bf2d8edc8?s=96&d=mm&r=g","height":96,"width":96}},"publisher":{"@type":"Organization","name":"muxx.cz","logo":{"@type":"ImageObject","@id":"\/logo.png","url":"\/logo.png","width":600,"height":60}},"image":{"@type":"ImageObject","@id":"https:\/\/www.muxx.cz\/wp-content\/uploads\/castle-3480534_640_2.jpg","url":"https:\/\/www.muxx.cz\/wp-content\/uploads\/castle-3480534_640_2.jpg","height":0,"width":0},"url":"https:\/\/www.muxx.cz\/vyuzivejte-pronajate-vozidlo-pro-vylety-s-rodinou\/","about":["Business"],"wordCount":497,"articleBody":"   Zeptejte se sami sebe, kdy jste byli naposledy s va\u0161\u00ed rodinou na v\u00fdlet\u011b v p\u0159\u00edrod\u011b, nap\u0159\u00edklad na cyklistick\u00e9m v\u00edkendu na T\u0159ebo\u0148sku nebo na prohl\u00eddce n\u011bkter\u00e9ho z hrad\u016f a z\u00e1mk\u016f? Sou\u010dasn\u00e1 doba pln\u00e1 shonu a stresu n\u00e1s sice nut\u00ed b\u00fdt neust\u00e1le v z\u00e1p\u0159ahu, to ov\u0161em na druhou stranu zp\u016fsobuje chronick\u00fd stres a jeho n\u00e1sledky mohou b\u00fdt nedoz\u00edrn\u00e9. Z\u00e1rove\u0148 se ochuzujeme o kr\u00e1sn\u00e9 pro\u017eitky a \u017eivot p\u0159ece nen\u00ed jen o povinnostech, nepracujeme proto, abychom vyd\u011bl\u00e1vali pen\u00edze a hromadili majetek, pot\u0159ebujeme tak\u00e9 vysadit, odpo\u010d\u00edvat, d\u00edvat se kolem sebe na kr\u00e1sn\u00e9 podn\u011bty, zejm\u00e9na p\u0159\u00edrodn\u00ed nebo alespo\u0148 ty historick\u00e9.Jestli\u017ee m\u00e1te v\u00e1\u0161 osobn\u00ed v\u016fz v servisu nebo v t\u00e9to dob\u011b \u017e\u00e1dn\u00fd nevlastn\u00edte, pak je tu pro v\u00e1s k dispozici p\u016fj\u010dovna aut v Praze 9 autopujcovna-milan.cz. Ud\u011blejte si \u010das a p\u0159eru\u0161te pracovn\u00ed aktivitu alespo\u0148 o v\u00edkendu a napl\u00e1nujte si v\u00fdlet n\u011bkam, kde jste je\u0161t\u011b s rodinou nebyli. \u017de nev\u00edte, kam se vypravit? Pak by se v\u00e1m mohlo hodit p\u00e1r n\u00e1sleduj\u00edc\u00edch tip\u016f:Okruh Da\u010dice \u2013 Slavonice \u2013 Tel\u010d \u2013 n\u00e1m\u011bst\u00ed v Tel\u010di, z\u00e1mek Da\u010dice s p\u0159ilehl\u00fdm parkem a m\u011bsto Slavonice s renesan\u010dn\u00edmi sgrafity a proslulou keramikou Ma\u0159\u00ed\u017e \u2013 to byste mohli zvl\u00e1dnout za jedin\u00fd v\u00edkend. P\u0159ipojte k tomu je\u0161t\u011b hrad Land\u0161tejn a nostalgickou j\u00edzdu vl\u00e1\u010dkem na \u00fazkorozchodn\u00e9 trati z Jind\u0159ichova Hradce do Nov\u00e9 Byst\u0159ice a m\u00e1te minim\u00e1ln\u011b od p\u00e1tku do ned\u011ble co d\u011blat.T\u0159ebo\u0148sk\u00e9 rybn\u00edky \u2013 ud\u011blejte si \u010das a proje\u010fte nejprve autem a pozd\u011bji i na kole oblast t\u0159ebo\u0148sk\u00fdch rybn\u00edk\u016f mezi Chlumem u T\u0159ebon\u011b, T\u0159ebon\u00ed, Vesel\u00edm nad Lu\u017enic\u00ed a Karda\u0161ovou \u0158e\u010dic\u00ed. Tamn\u00ed rybn\u00edky nab\u00edz\u00ed neskute\u010dnou romantiku zejm\u00e9na v tepl\u00e9m letn\u00edm obdob\u00ed za slune\u010dn\u00e9ho dne. Spat\u0159\u00edte tu i velmi sv\u00e9r\u00e1zn\u00e9 n\u00e1zvy vodn\u00edch ploch, nap\u0159\u00edklad Star\u00fd Hospod\u00e1\u0159, Podsedek, Nov\u00fd Kancl\u00ed\u0159, Vy\u0161ehrad, Kr\u00e1sn\u00e9 Pole, \u017denich, Nad\u011bje, L\u00e1ska, Dobr\u00e1 V\u016fle, Pot\u011b\u0161il, V\u00edra a Skutek. Hrady a z\u00e1mky \u2013 ka\u017ed\u00fd dob\u0159e v\u00ed, \u017ee existuje Karl\u0161tejn a Pra\u017esk\u00fd hrad, ale vy byste mohli zav\u00edtat n\u011bkam, kde jste je\u0161t\u011b nebyli, a do m\u00edst m\u00e9n\u011b zn\u00e1m\u00fdch, nap\u0159\u00edklad na z\u00e1mek Ka\u010dina, z\u00e1mek Kozel, z\u00e1mek Rab\u0161tejn nad St\u0159elou, z\u00e1mek Kratochv\u00edle, z\u00e1mek Libochovice \u010di z\u00e1mek Be\u010dov nad Teplou a na hrady Kost, Koko\u0159\u00edn, Pern\u0161tejn, Loket, \u010cesk\u00fd \u0160ternberk, a ke z\u0159\u00edcenin\u00e1m hrad\u016f D\u00edv\u010d\u00ed K\u00e1men, T\u00fd\u0159ov a Kra\u0161ov.                                                                                                                                                                                                                                                                                                                                                                                          4.4\/5 - (12 votes)        "},{"@context":"https:\/\/schema.org\/","@type":"BreadcrumbList","itemListElement":[{"@type":"ListItem","position":1,"name":"Vyu\u017e\u00edvejte pronajat\u00e9 vozidlo pro v\u00fdlety s rodinou","item":"https:\/\/www.muxx.cz\/vyuzivejte-pronajate-vozidlo-pro-vylety-s-rodinou\/#breadcrumbitem"}]}]