[{"@context":"https:\/\/schema.org\/","@type":"Article","@id":"https:\/\/www.muxx.cz\/desi-vas-vrasky\/#Article","mainEntityOfPage":"https:\/\/www.muxx.cz\/desi-vas-vrasky\/","headline":"D\u011bs\u00ed v\u00e1s vr\u00e1sky?","name":"D\u011bs\u00ed v\u00e1s vr\u00e1sky?","description":"I kdy\u017e se n\u011bkte\u0159\u00ed lid\u00e9 sna\u017e\u00ed na st\u00e1rnut\u00ed hledat sp\u00ed\u0161e to pozitivn\u00ed a sna\u017e\u00ed se \u017eeny p\u0159esv\u011bd\u010dit o tom, \u017ee vr\u00e1sky jsou vlast\u011b kr\u00e1sn\u00e9, mnoho &hellip; ","datePublished":"2024-06-11","dateModified":"2024-06-11","author":{"@type":"Person","@id":"https:\/\/www.muxx.cz\/author\/#Person","name":"","url":"https:\/\/www.muxx.cz\/author\/","identifier":1,"image":{"@type":"ImageObject","@id":"https:\/\/secure.gravatar.com\/avatar\/1ea551d08e5aaea35ec0edab8371d7eaf798177f38aa8a77e65ff33bf2d8edc8?s=96&d=mm&r=g","url":"https:\/\/secure.gravatar.com\/avatar\/1ea551d08e5aaea35ec0edab8371d7eaf798177f38aa8a77e65ff33bf2d8edc8?s=96&d=mm&r=g","height":96,"width":96}},"publisher":{"@type":"Organization","name":"muxx.cz","logo":{"@type":"ImageObject","@id":"\/logo.png","url":"\/logo.png","width":600,"height":60}},"image":{"@type":"ImageObject","@id":"https:\/\/www.muxx.cz\/wp-content\/uploads\/woman-4184804_640_10_10_10_10_10.jpg","url":"https:\/\/www.muxx.cz\/wp-content\/uploads\/woman-4184804_640_10_10_10_10_10.jpg","height":0,"width":0},"url":"https:\/\/www.muxx.cz\/desi-vas-vrasky\/","about":["V\u00fdrobky"],"wordCount":412,"articleBody":"       I kdy\u017e se n\u011bkte\u0159\u00ed lid\u00e9 sna\u017e\u00ed na st\u00e1rnut\u00ed hledat sp\u00ed\u0161e to pozitivn\u00ed a sna\u017e\u00ed se \u017eeny p\u0159esv\u011bd\u010dit o tom, \u017ee vr\u00e1sky jsou vlast\u011b kr\u00e1sn\u00e9, mnoho \u017een si to nemysl\u00ed, a vr\u00e1sek se boj\u00ed. \u010casto proto, \u017ee se jich pak jde jen velice t\u011b\u017eko zbavit, a hlavn\u011b jsou ukazatelem na\u0161eho v\u011bku. \u017d\u00e1dn\u00e1 \u017eena nechce aby na n\u00ed bylo na prvn\u00ed pohled vid\u011bt \u017ee u\u017e je star\u0161\u00ed, a tak se \u017eeny sna\u017e\u00ed proti vr\u00e1sk\u00e1m v\u0161emo\u017en\u011b bojovat. Mnoh\u00e9 \u017eeny u\u017e v\u00ed jak na to, ale mnoh\u00e9 z nich na to jdou \u00fapln\u011b \u0161patn\u011b.Z\u00e1kladem mladistv\u00e9ho vzhledu i ve vy\u0161\u0161\u00edm v\u011bku je n\u011bco \u00fapln\u011b jin\u00e9ho ne\u017e drah\u00e1 a luxusn\u00ed kosmetika. \u017divotospr\u00e1va m\u00e1 na vzhled daleko v\u011bt\u0161\u00ed vliv ne\u017e si v\u016fbec um\u00edte p\u0159edstavit. \u0158e\u0161\u00ed nejen vr\u00e1sky, ale i \u0161patnou ple\u0165 a kruhy pod o\u010dima, ale co se t\u00fd\u010de pigmentov\u00fdch skvrn, kter\u00e9 jsou druh\u00fdm nej\u010dast\u011bj\u0161\u00edm probl\u00e9mem hned po vr\u00e1sk\u00e1ch, na ty funguje preventivn\u011b jen kosmetika. I ta je d\u016fle\u017eit\u00e1 v boji proti vr\u00e1sk\u00e1m, ale st\u011b\u017eejn\u00ed je \u017eivotospr\u00e1va. Dostatek sp\u00e1nku, hodn\u011b \u010dist\u00e9 vody a vyh\u00fdbat se nezdrav\u00fdm potravin\u00e1m je naprost\u00fd z\u00e1klad.J\u00edte dopl\u0148ky stravy? Ka\u017ed\u00fd by si m\u011bl hl\u00eddat, jak\u00e9 slo\u017een\u00ed m\u00e1 jeho j\u00eddeln\u00ed\u010dek. Jakmile by obsahoval p\u0159ev\u00e1\u017en\u011b zpracovan\u00e9 potraviny a polotovary, na va\u0161\u00ed pleti by se to podepsalo rychle a nav\u00edc by va\u0161e t\u011blo nefungovalo jak m\u00e1. V potrav\u011b bychom m\u011bli p\u0159ij\u00edmat dostatek vitam\u00edn\u016f, miner\u00e1l\u016f a dal\u0161\u00edch l\u00e1tek, kter\u00e9 ka\u017ed\u00e9 t\u011blo pot\u0159ebuje k tomu, aby spr\u00e1vn\u011b fungovalo. Takovou l\u00e1tkou je i kolagen, kter\u00fd se v lidsk\u00e9m t\u011ble nach\u00e1z\u00ed zcela p\u0159irozen\u011b, ale s p\u0159ib\u00fdvaj\u00edc\u00edm v\u011bkem jeho hladina kles\u00e1 na minimum. A pr\u00e1v\u011b proto je pot\u0159eba jej dopl\u0148ovat, aby byla poko\u017eka vypnut\u00e1. I pigmentov\u00e9 skvrny jsou velk\u00fdm probl\u00e9mem, kter\u00fd by m\u011bla ka\u017ed\u00e1 \u017eena \u0159e\u0161it v\u010das. Za\u010d\u00ednaj\u00ed se objevovat okolo 45. roku hlavn\u011b na rukou, proto\u017ee mnoh\u00e9 \u017eeny nepou\u017e\u00edvaj\u00ed SPF. To je opravdu d\u016fle\u017eit\u00e9, proto\u017ee SPF odr\u00e1\u017e\u00ed v\u011bt\u0161inu UV z\u00e1\u0159en\u00ed, jen\u017e m\u00e1 destruktivn\u00ed vliv na poko\u017eku.                                                                                                                                                                                                                                                                                                                                                                                          4.2\/5 - (8 votes)        "},{"@context":"https:\/\/schema.org\/","@type":"BreadcrumbList","itemListElement":[{"@type":"ListItem","position":1,"name":"D\u011bs\u00ed v\u00e1s vr\u00e1sky?","item":"https:\/\/www.muxx.cz\/desi-vas-vrasky\/#breadcrumbitem"}]}]